{"id":1995,"date":"2022-02-04T16:05:52","date_gmt":"2022-02-04T19:05:52","guid":{"rendered":"http:\/\/www.institutopsicanalisebahia.com.br\/lapsus\/?p=1995"},"modified":"2022-02-04T16:05:52","modified_gmt":"2022-02-04T19:05:52","slug":"trans-segregacao-e-gozo","status":"publish","type":"post","link":"https:\/\/www.institutopsicanalisebahia.com.br\/lapsus\/2022\/02\/04\/trans-segregacao-e-gozo\/","title":{"rendered":"Trans\u2026 segrega\u00e7\u00e3o e gozo"},"content":{"rendered":"<figure id=\"attachment_2009\" aria-describedby=\"caption-attachment-2009\" style=\"width: 196px\" class=\"wp-caption alignright\"><img loading=\"lazy\" decoding=\"async\" class=\"size-medium wp-image-2009\" src=\"http:\/\/www.institutopsicanalisebahia.com.br\/lapsus\/wp-content\/uploads\/2022\/02\/011-196x300.jpg\" alt=\"Kazuhiko Nakamura . \u201cShell in the Darkness\u201d\" width=\"196\" height=\"300\" srcset=\"https:\/\/www.institutopsicanalisebahia.com.br\/lapsus\/wp-content\/uploads\/2022\/02\/011-196x300.jpg 196w, https:\/\/www.institutopsicanalisebahia.com.br\/lapsus\/wp-content\/uploads\/2022\/02\/011.jpg 490w\" sizes=\"auto, (max-width: 196px) 100vw, 196px\" \/><figcaption id=\"caption-attachment-2009\" class=\"wp-caption-text\">Kazuhiko Nakamura . \u201cShell in the Darkness\u201d<\/figcaption><\/figure>\n<h6>Wilker Fran\u00e7a<br \/>\n<em>Associado do IPB<\/em><\/h6>\n<p>Esse texto \u00e9 fruto de alguns questionamentos surgidos a partir de minha experi\u00eancia cl\u00ednica, das discuss\u00f5es suscitadas pela conversa\u00e7\u00e3o que ocorreu no ENAPOL 2021 \u201cCircula\u00e7\u00f5es do amor nas escolhas sexuais bin\u00e1rias e n\u00e3o bin\u00e1rias\u201d coordenado por Pablo Sauce e Luis Francisco Camargo e da conversa\u00e7\u00e3o ocorrida na Jornada do Instituto de Psican\u00e1lise da Bahia deste ano.<\/p>\n<p>Pois bem, gostaria de trazer pontos que se articulam para iniciar uma discuss\u00e3o que \u00e9 bastante complexa.<\/p>\n<p>O primeiro: Vou apresentar alguns dados para voc\u00eas:<\/p>\n<p>Dados da ANTRA<a href=\"#_ftn1\" name=\"_ftnref1\"><sup>[1]<\/sup><\/a> (Associa\u00e7\u00e3o Nacional de Travestis e Transexuais) dizem que o Brasil \u00e9 um dos pa\u00edses que mais matam pessoas transsexuais do mundo. E, paradoxalmente, ou n\u00e3o, \u00e9 o pa\u00eds que mais consome pornografia trans do mundo.<\/p>\n<p>Segundo Marina Ganzarolli (2021)<a href=\"#_ftn2\" name=\"_ftnref2\"><sup>[2]<\/sup><\/a>,\u00a0 presidente da Comiss\u00e3o da Diversidade Sexual e de g\u00eanero da OAB-SP, em entrevista para a CNN, a expectativa de vida da popula\u00e7\u00e3o trans \u00e9 de 35 anos de vida. Enquanto de pessoas n\u00e3o-trans \u00e9 de 76 anos.<\/p>\n<p>E 90% da popula\u00e7\u00e3o trans se encontra em situa\u00e7\u00e3o de prostitui\u00e7\u00e3o.<\/p>\n<blockquote><p>\u201cA popula\u00e7\u00e3o T no Brasil tem expectativa de vida de menos de 35 anos, isso \u00e9 equipar\u00e1vel com a expectativa de vida da Idade M\u00e9dia, quando n\u00e3o tinha penicilina nem saneamento b\u00e1sico\u201d, disse Marina (2021).<\/p><\/blockquote>\n<p>O que a psican\u00e1lise tem a dizer sobre isso? Como poder\u00edamos pensar a quest\u00e3o da segrega\u00e7\u00e3o em rela\u00e7\u00e3o \u00e0s pessoas transsexuais? Laurent (2014) sublinha, na dire\u00e7\u00e3o do Lacan,<\/p>\n<blockquote><p>o racismo muda seus objetos \u00e0 medida em que as formas sociais se modificam (&#8230;) sempre jaz, numa comunidade humana, a rejei\u00e7\u00e3o de um gozo inassimil\u00e1vel, dom\u00ednio de uma barb\u00e1rie poss\u00edvel (pag. 1)..<\/p><\/blockquote>\n<p>O que o \u00f3dio dirigido \u00e0s pessoas trans denuncia? Laurent (2014) \u00e9 enf\u00e1tico \u201cO crime fundador n\u00e3o \u00e9 o assassinato do pai, mas a vontade de assassinato daquele que encarna o gozo que eu rejeito\u201d (pag. 1).<\/p>\n<p>Sendo assim, parafraseando Lacan (2002): \u201cComo responderemos, n\u00f3s, os psicanalistas: a segrega\u00e7\u00e3o trazida \u00e0 ordem do dia por uma subvers\u00e3o sem precedentes\u201d(pag. 361)?<\/p>\n<p>E a segunda quest\u00e3o j\u00e1 n\u00e3o \u00e9 mais sobre a segrega\u00e7\u00e3o,mas o que os trans podem ensinar \u00e0 psican\u00e1lise lacaniana.<\/p>\n<p>Marcus Andre Vieira (2021) na confer\u00eancia \u201cEl analista y las nuevas sexualidades\u201d, na NEL-Cali, afirmou, e eu concordo com ele, que os trans hoje n\u00e3o s\u00e3o mais o que eram no tempo de Lacan. A explos\u00e3o do g\u00eanero, como afirma Marcus, \u00e9 uma das \u201cvers\u00f5es do real no sec. XXI\u201d.<\/p>\n<p>Uma das primeiras li\u00e7\u00f5es que se deve apreender da quest\u00e3o trans \u00e9 o quanto ela deixa clara a quest\u00e3o, que \u00e9 de todo falasser, sobre a inadequa\u00e7\u00e3o do sujeito com seu sexo. O que fica evidente \u00e9 que a adequa\u00e7\u00e3o do gozo ao que se comporta do binarismo masculino e feminino sempre deixa um resto e que a identifica\u00e7\u00e3o n\u00e3o resolve esse impasse. Assim como a cl\u00ednica das psicoses, com o inconsciente a c\u00e9u aberto, muito ensina a cl\u00ednica das neuroses, me parece que \u00e9 preciso tomar a transsexualidade como um paradigma para nos ensinar sobre o sujeito contempor\u00e2neo.<\/p>\n<p>Fabi\u00e1n Fajnwaks (2021) prop\u00f4s, em uma atividade do Observat\u00f3rio de g\u00eanero, biopol\u00edtica e transexualidade que<\/p>\n<blockquote><p>desde a perspectiva da sexua\u00e7\u00e3o, os transsexuais seriam os verdadeiros analisadores do \u00faltimo ensino de Lacan, uma vez que atestam que a significa\u00e7\u00e3o f\u00e1lica n\u00e3o funciona mais para operar a diferen\u00e7a sexual.<\/p><\/blockquote>\n<p>Se a diferen\u00e7a bin\u00e1ria definida pelo falo n\u00e3o d\u00e1 mais as cartas \u00e9 preciso escutar os trans para que se investigue sobre as diversas inven\u00e7\u00f5es para lidar com o binarismo e o amb\u00edguo da linguagem e quais solu\u00e7\u00f5es para o real do gozo.<\/p>\n<hr \/>\n<h6><strong>Refer\u00eancias<\/strong><\/h6>\n<h6>FAJNWAKS, F.. In: Confer\u00eancia realizada na FCPOL,\u00a0 2021, Madri.<\/h6>\n<h6>LAURENT, E. 2014. Lacan Cotidiano. n\u00ba 371. http:\/\/ampblog2006.blogspot.com\/2014\/02\/lacan-cotidiano-n-371-portugues.html Acessado em: 22\/10\/2021.<\/h6>\n<h6>LACAN, J. Proposi\u00e7\u00e3o de 9 de outubro de 1967 sobre o psicanalista da Escola\u00bb, Outros Escritos, Zahar, Rio de Janeiro, 2002.<\/h6>\n<h6>VIEIRA (2021). El analista y las nuevas sexualidades. https:\/\/psicoanalisislacaniano.com\/2021\/06\/23\/mavieira-analista-nuevas-sexualidades-20210623\/ Acessado em: 22\/11\/2021.<\/h6>\n<hr \/>\n<h6><a href=\"#_ftnref1\" name=\"_ftn1\"><sup>[1]<\/sup><\/a>\u2003 A Associa\u00e7\u00e3o Nacional de Travestis e Transexuais (ANTRA) entregou o \u2018Dossi\u00ea dos Assassinatos e da Viol\u00eancia Contra Pessoas Trans Brasileiras 2020\u2019 ao Fundo de Popula\u00e7\u00e3o das Na\u00e7\u00f5es Unidas (UNFPA) e \u00e0 Embaixada da Noruega que cont\u00e9m alguns desses dados. https:\/\/brasil.un.org\/pt-br\/110425-brasil-e-o-pais-que-mais-mata-travestis-e-pessoas-trans-no-mundo-alerta-relatorio-da &#8211; Acessado em: 24\/10\/2021.<\/h6>\n<h6><a href=\"#_ftnref2\" name=\"_ftn2\"><sup>[2]<\/sup><\/a>\u2003 https:\/\/www.cnnbrasil.com.br\/nacional\/expectativa-de-vida-de-trans-no-brasil-se-equipara-com-idade-media-diz-advogada\/ Acessado em: 23\/10\/2021.<\/h6>\n","protected":false},"excerpt":{"rendered":"<p>Wilker Fran\u00e7a Associado do IPB Esse texto \u00e9 fruto de alguns questionamentos surgidos a partir de minha experi\u00eancia cl\u00ednica, das discuss\u00f5es suscitadas pela conversa\u00e7\u00e3o que ocorreu no ENAPOL 2021 \u201cCircula\u00e7\u00f5es do amor nas escolhas sexuais bin\u00e1rias e n\u00e3o bin\u00e1rias\u201d coordenado por Pablo Sauce e Luis Francisco Camargo e da conversa\u00e7\u00e3o ocorrida na Jornada do Instituto&hellip;<\/p>\n","protected":false},"author":1,"featured_media":0,"comment_status":"closed","ping_status":"closed","sticky":false,"template":"","format":"standard","meta":{"footnotes":""},"categories":[38],"tags":[],"post_series":[],"class_list":["post-1995","post","type-post","status-publish","format-standard","hentry","category-ed-023","entry","no-media"],"_links":{"self":[{"href":"https:\/\/www.institutopsicanalisebahia.com.br\/lapsus\/wp-json\/wp\/v2\/posts\/1995","targetHints":{"allow":["GET"]}}],"collection":[{"href":"https:\/\/www.institutopsicanalisebahia.com.br\/lapsus\/wp-json\/wp\/v2\/posts"}],"about":[{"href":"https:\/\/www.institutopsicanalisebahia.com.br\/lapsus\/wp-json\/wp\/v2\/types\/post"}],"author":[{"embeddable":true,"href":"https:\/\/www.institutopsicanalisebahia.com.br\/lapsus\/wp-json\/wp\/v2\/users\/1"}],"replies":[{"embeddable":true,"href":"https:\/\/www.institutopsicanalisebahia.com.br\/lapsus\/wp-json\/wp\/v2\/comments?post=1995"}],"version-history":[{"count":2,"href":"https:\/\/www.institutopsicanalisebahia.com.br\/lapsus\/wp-json\/wp\/v2\/posts\/1995\/revisions"}],"predecessor-version":[{"id":2022,"href":"https:\/\/www.institutopsicanalisebahia.com.br\/lapsus\/wp-json\/wp\/v2\/posts\/1995\/revisions\/2022"}],"wp:attachment":[{"href":"https:\/\/www.institutopsicanalisebahia.com.br\/lapsus\/wp-json\/wp\/v2\/media?parent=1995"}],"wp:term":[{"taxonomy":"category","embeddable":true,"href":"https:\/\/www.institutopsicanalisebahia.com.br\/lapsus\/wp-json\/wp\/v2\/categories?post=1995"},{"taxonomy":"post_tag","embeddable":true,"href":"https:\/\/www.institutopsicanalisebahia.com.br\/lapsus\/wp-json\/wp\/v2\/tags?post=1995"},{"taxonomy":"post_series","embeddable":true,"href":"https:\/\/www.institutopsicanalisebahia.com.br\/lapsus\/wp-json\/wp\/v2\/post_series?post=1995"}],"curies":[{"name":"wp","href":"https:\/\/api.w.org\/{rel}","templated":true}]}}